{"id":1751,"date":"2025-04-28T17:21:30","date_gmt":"2025-04-28T15:21:30","guid":{"rendered":"https:\/\/gitelesalberts.fr\/?p=1751"},"modified":"2025-06-25T11:15:27","modified_gmt":"2025-06-25T09:15:27","slug":"balades-en-pyrenees","status":"publish","type":"post","link":"https:\/\/gitelesalberts.fr\/index.php\/2025\/04\/28\/balades-en-pyrenees\/","title":{"rendered":"p\u00eale-m\u00eale de photos &#8230; reprise de la saison des balades !"},"content":{"rendered":"\n<h3 class=\"wp-block-heading\">D\u00e8s le mois d&rsquo;Avril la nature nous offre de beaux tableaux<\/h3>\n\n\n\n<figure class=\"wp-block-image size-large is-style-default\"><img loading=\"lazy\" decoding=\"async\" width=\"1024\" height=\"683\" src=\"https:\/\/gitelesalberts.fr\/wp-content\/uploads\/2022\/04\/2022.04.27-traversee-couraduque-soulor-6-1024x683.jpg\" alt=\"gite les alberts \/ balades en pyrenees \/ lac de soum\" class=\"wp-image-1746\" srcset=\"https:\/\/gitelesalberts.fr\/wp-content\/uploads\/2022\/04\/2022.04.27-traversee-couraduque-soulor-6-1024x683.jpg 1024w, https:\/\/gitelesalberts.fr\/wp-content\/uploads\/2022\/04\/2022.04.27-traversee-couraduque-soulor-6-300x200.jpg 300w, https:\/\/gitelesalberts.fr\/wp-content\/uploads\/2022\/04\/2022.04.27-traversee-couraduque-soulor-6-768x512.jpg 768w, https:\/\/gitelesalberts.fr\/wp-content\/uploads\/2022\/04\/2022.04.27-traversee-couraduque-soulor-6-1536x1024.jpg 1536w, https:\/\/gitelesalberts.fr\/wp-content\/uploads\/2022\/04\/2022.04.27-traversee-couraduque-soulor-6-2048x1365.jpg 2048w\" sizes=\"auto, (max-width: 1024px) 100vw, 1024px\" \/><figcaption>gite les alberts \/ balades en pyrenees \/ lac de soum<\/figcaption><\/figure>\n\n\n\n<figure class=\"wp-block-image size-full is-style-default\"><img loading=\"lazy\" decoding=\"async\" width=\"1024\" height=\"768\" src=\"https:\/\/gitelesalberts.fr\/wp-content\/uploads\/2022\/04\/2022.04.25-lac-destaing-1.jpg\" alt=\"gite les alberts \/ balades en pyrenees \/ lac d'estaing\" class=\"wp-image-1743\" srcset=\"https:\/\/gitelesalberts.fr\/wp-content\/uploads\/2022\/04\/2022.04.25-lac-destaing-1.jpg 1024w, https:\/\/gitelesalberts.fr\/wp-content\/uploads\/2022\/04\/2022.04.25-lac-destaing-1-300x225.jpg 300w, https:\/\/gitelesalberts.fr\/wp-content\/uploads\/2022\/04\/2022.04.25-lac-destaing-1-768x576.jpg 768w\" sizes=\"auto, (max-width: 1024px) 100vw, 1024px\" \/><figcaption>gite les alberts \/ balades en pyrenees \/ lac d&rsquo;estaing<\/figcaption><\/figure>\n\n\n\n<figure class=\"wp-block-image size-large is-style-default\"><img loading=\"lazy\" decoding=\"async\" width=\"576\" height=\"1024\" src=\"https:\/\/gitelesalberts.fr\/wp-content\/uploads\/2022\/04\/2022.04.26-pont-arrens-10-576x1024.jpg\" alt=\"gite les alberts \/ balades en pyrenees \/ pont arrens-marsous\" class=\"wp-image-1749\" srcset=\"https:\/\/gitelesalberts.fr\/wp-content\/uploads\/2022\/04\/2022.04.26-pont-arrens-10-576x1024.jpg 576w, https:\/\/gitelesalberts.fr\/wp-content\/uploads\/2022\/04\/2022.04.26-pont-arrens-10-169x300.jpg 169w, https:\/\/gitelesalberts.fr\/wp-content\/uploads\/2022\/04\/2022.04.26-pont-arrens-10-768x1365.jpg 768w, https:\/\/gitelesalberts.fr\/wp-content\/uploads\/2022\/04\/2022.04.26-pont-arrens-10-864x1536.jpg 864w, https:\/\/gitelesalberts.fr\/wp-content\/uploads\/2022\/04\/2022.04.26-pont-arrens-10.jpg 900w\" sizes=\"auto, (max-width: 576px) 100vw, 576px\" \/><figcaption>gite les alberts \/ balades en pyrenees \/ pont arrens-marsous<\/figcaption><\/figure>\n\n\n\n<figure class=\"wp-block-image size-large is-style-default\"><img loading=\"lazy\" decoding=\"async\" width=\"1024\" height=\"683\" src=\"https:\/\/gitelesalberts.fr\/wp-content\/uploads\/2022\/04\/2022.04.27-traversee-couraduque-soulor-10-1024x683.jpg\" alt=\"gite les alberts \/ balades en pyrenees\" class=\"wp-image-1747\" srcset=\"https:\/\/gitelesalberts.fr\/wp-content\/uploads\/2022\/04\/2022.04.27-traversee-couraduque-soulor-10-1024x683.jpg 1024w, https:\/\/gitelesalberts.fr\/wp-content\/uploads\/2022\/04\/2022.04.27-traversee-couraduque-soulor-10-300x200.jpg 300w, https:\/\/gitelesalberts.fr\/wp-content\/uploads\/2022\/04\/2022.04.27-traversee-couraduque-soulor-10-768x512.jpg 768w, https:\/\/gitelesalberts.fr\/wp-content\/uploads\/2022\/04\/2022.04.27-traversee-couraduque-soulor-10-1536x1024.jpg 1536w, https:\/\/gitelesalberts.fr\/wp-content\/uploads\/2022\/04\/2022.04.27-traversee-couraduque-soulor-10-2048x1365.jpg 2048w\" sizes=\"auto, (max-width: 1024px) 100vw, 1024px\" \/><figcaption>gite les alberts \/ balades en pyrenees<\/figcaption><\/figure>\n\n\n\n<figure class=\"wp-block-image size-large is-style-default\"><img loading=\"lazy\" decoding=\"async\" width=\"1024\" height=\"683\" src=\"https:\/\/gitelesalberts.fr\/wp-content\/uploads\/2022\/04\/2022.04.27-traversee-couraduque-soulor-2-1024x683.jpg\" alt=\"gite les alberts \/ balades en pyrenees \/ traversee couraduque-soulor\" class=\"wp-image-1745\" srcset=\"https:\/\/gitelesalberts.fr\/wp-content\/uploads\/2022\/04\/2022.04.27-traversee-couraduque-soulor-2-1024x683.jpg 1024w, https:\/\/gitelesalberts.fr\/wp-content\/uploads\/2022\/04\/2022.04.27-traversee-couraduque-soulor-2-300x200.jpg 300w, https:\/\/gitelesalberts.fr\/wp-content\/uploads\/2022\/04\/2022.04.27-traversee-couraduque-soulor-2-768x512.jpg 768w, https:\/\/gitelesalberts.fr\/wp-content\/uploads\/2022\/04\/2022.04.27-traversee-couraduque-soulor-2-1536x1024.jpg 1536w, https:\/\/gitelesalberts.fr\/wp-content\/uploads\/2022\/04\/2022.04.27-traversee-couraduque-soulor-2-2048x1365.jpg 2048w\" sizes=\"auto, (max-width: 1024px) 100vw, 1024px\" \/><figcaption>gite les alberts \/ balades en pyrenees \/ traversee couraduque-soulor<\/figcaption><\/figure>\n\n\n\n<figure class=\"wp-block-image size-large is-style-default\"><img loading=\"lazy\" decoding=\"async\" width=\"683\" height=\"1024\" src=\"https:\/\/gitelesalberts.fr\/wp-content\/uploads\/2022\/04\/2022.04.22-lac-de-soum-12-683x1024.jpg\" alt=\"gite les alberts \/ balades en pyrenees\" class=\"wp-image-1742\" srcset=\"https:\/\/gitelesalberts.fr\/wp-content\/uploads\/2022\/04\/2022.04.22-lac-de-soum-12-683x1024.jpg 683w, https:\/\/gitelesalberts.fr\/wp-content\/uploads\/2022\/04\/2022.04.22-lac-de-soum-12-200x300.jpg 200w, https:\/\/gitelesalberts.fr\/wp-content\/uploads\/2022\/04\/2022.04.22-lac-de-soum-12-768x1152.jpg 768w, https:\/\/gitelesalberts.fr\/wp-content\/uploads\/2022\/04\/2022.04.22-lac-de-soum-12-1024x1536.jpg 1024w, https:\/\/gitelesalberts.fr\/wp-content\/uploads\/2022\/04\/2022.04.22-lac-de-soum-12-1365x2048.jpg 1365w, https:\/\/gitelesalberts.fr\/wp-content\/uploads\/2022\/04\/2022.04.22-lac-de-soum-12-scaled.jpg 1707w\" sizes=\"auto, (max-width: 683px) 100vw, 683px\" \/><figcaption>gite les alberts \/ balades en pyrenees<\/figcaption><\/figure>\n\n\n\n<p><\/p>\n","protected":false},"excerpt":{"rendered":"<p>Pour en prendre plein les yeux<\/p>\n","protected":false},"author":1,"featured_media":1743,"comment_status":"open","ping_status":"open","sticky":false,"template":"","format":"standard","meta":{"footnotes":""},"categories":[9],"tags":[],"class_list":["post-1751","post","type-post","status-publish","format-standard","has-post-thumbnail","hentry","category-rando"],"yoast_head":"<!-- This site is optimized with the Yoast SEO plugin v27.4 - https:\/\/yoast.com\/product\/yoast-seo-wordpress\/ -->\n<title>p\u00eale-m\u00eale de photos ... reprise de la saison des balades ! - G\u00eete Les Alberts<\/title>\n<meta name=\"description\" content=\"Les Pyr\u00e9n\u00e9es et tout particuli\u00e8rement le val d&#039;Azun sont riches de circuits de balades tr\u00e8s bien balis\u00e9s et de tout niveau.\" \/>\n<meta name=\"robots\" content=\"index, follow, max-snippet:-1, max-image-preview:large, max-video-preview:-1\" \/>\n<link rel=\"canonical\" href=\"https:\/\/gitelesalberts.fr\/index.php\/2025\/04\/28\/balades-en-pyrenees\/\" \/>\n<meta property=\"og:locale\" content=\"fr_FR\" \/>\n<meta property=\"og:type\" content=\"article\" \/>\n<meta property=\"og:title\" content=\"p\u00eale-m\u00eale de photos ... reprise de la saison des balades ! - G\u00eete Les Alberts\" \/>\n<meta property=\"og:description\" content=\"Les Pyr\u00e9n\u00e9es et tout particuli\u00e8rement le val d&#039;Azun sont riches de circuits de balades tr\u00e8s bien balis\u00e9s et de tout niveau.\" \/>\n<meta property=\"og:url\" content=\"https:\/\/gitelesalberts.fr\/index.php\/2025\/04\/28\/balades-en-pyrenees\/\" \/>\n<meta property=\"og:site_name\" content=\"G\u00eete Les Alberts\" \/>\n<meta property=\"article:published_time\" content=\"2025-04-28T15:21:30+00:00\" \/>\n<meta property=\"article:modified_time\" content=\"2025-06-25T09:15:27+00:00\" \/>\n<meta property=\"og:image\" content=\"https:\/\/gitelesalberts.fr\/wp-content\/uploads\/2022\/04\/2022.04.25-lac-destaing-1.jpg\" \/>\n\t<meta property=\"og:image:width\" content=\"1024\" \/>\n\t<meta property=\"og:image:height\" content=\"768\" \/>\n\t<meta property=\"og:image:type\" content=\"image\/jpeg\" \/>\n<meta name=\"author\" content=\"lesalberts\" \/>\n<meta name=\"twitter:card\" content=\"summary_large_image\" \/>\n<meta name=\"twitter:label1\" content=\"\u00c9crit par\" \/>\n\t<meta name=\"twitter:data1\" content=\"lesalberts\" \/>\n\t<meta name=\"twitter:label2\" content=\"Dur\u00e9e de lecture estim\u00e9e\" \/>\n\t<meta name=\"twitter:data2\" content=\"2 minutes\" \/>\n<script type=\"application\/ld+json\" class=\"yoast-schema-graph\">{\"@context\":\"https:\\\/\\\/schema.org\",\"@graph\":[{\"@type\":\"Article\",\"@id\":\"https:\\\/\\\/gitelesalberts.fr\\\/index.php\\\/2025\\\/04\\\/28\\\/balades-en-pyrenees\\\/#article\",\"isPartOf\":{\"@id\":\"https:\\\/\\\/gitelesalberts.fr\\\/index.php\\\/2025\\\/04\\\/28\\\/balades-en-pyrenees\\\/\"},\"author\":{\"name\":\"lesalberts\",\"@id\":\"https:\\\/\\\/gitelesalberts.fr\\\/#\\\/schema\\\/person\\\/dc2875b135cac2f8cfee2be04c1e7c83\"},\"headline\":\"p\u00eale-m\u00eale de photos &#8230; reprise de la saison des balades !\",\"datePublished\":\"2025-04-28T15:21:30+00:00\",\"dateModified\":\"2025-06-25T09:15:27+00:00\",\"mainEntityOfPage\":{\"@id\":\"https:\\\/\\\/gitelesalberts.fr\\\/index.php\\\/2025\\\/04\\\/28\\\/balades-en-pyrenees\\\/\"},\"wordCount\":68,\"commentCount\":0,\"image\":{\"@id\":\"https:\\\/\\\/gitelesalberts.fr\\\/index.php\\\/2025\\\/04\\\/28\\\/balades-en-pyrenees\\\/#primaryimage\"},\"thumbnailUrl\":\"https:\\\/\\\/gitelesalberts.fr\\\/wp-content\\\/uploads\\\/2022\\\/04\\\/2022.04.25-lac-destaing-1.jpg\",\"articleSection\":[\"rando\"],\"inLanguage\":\"fr-FR\",\"potentialAction\":[{\"@type\":\"CommentAction\",\"name\":\"Comment\",\"target\":[\"https:\\\/\\\/gitelesalberts.fr\\\/index.php\\\/2025\\\/04\\\/28\\\/balades-en-pyrenees\\\/#respond\"]}]},{\"@type\":\"WebPage\",\"@id\":\"https:\\\/\\\/gitelesalberts.fr\\\/index.php\\\/2025\\\/04\\\/28\\\/balades-en-pyrenees\\\/\",\"url\":\"https:\\\/\\\/gitelesalberts.fr\\\/index.php\\\/2025\\\/04\\\/28\\\/balades-en-pyrenees\\\/\",\"name\":\"p\u00eale-m\u00eale de photos ... reprise de la saison des balades ! - G\u00eete Les Alberts\",\"isPartOf\":{\"@id\":\"https:\\\/\\\/gitelesalberts.fr\\\/#website\"},\"primaryImageOfPage\":{\"@id\":\"https:\\\/\\\/gitelesalberts.fr\\\/index.php\\\/2025\\\/04\\\/28\\\/balades-en-pyrenees\\\/#primaryimage\"},\"image\":{\"@id\":\"https:\\\/\\\/gitelesalberts.fr\\\/index.php\\\/2025\\\/04\\\/28\\\/balades-en-pyrenees\\\/#primaryimage\"},\"thumbnailUrl\":\"https:\\\/\\\/gitelesalberts.fr\\\/wp-content\\\/uploads\\\/2022\\\/04\\\/2022.04.25-lac-destaing-1.jpg\",\"datePublished\":\"2025-04-28T15:21:30+00:00\",\"dateModified\":\"2025-06-25T09:15:27+00:00\",\"author\":{\"@id\":\"https:\\\/\\\/gitelesalberts.fr\\\/#\\\/schema\\\/person\\\/dc2875b135cac2f8cfee2be04c1e7c83\"},\"description\":\"Les Pyr\u00e9n\u00e9es et tout particuli\u00e8rement le val d'Azun sont riches de circuits de balades tr\u00e8s bien balis\u00e9s et de tout niveau.\",\"breadcrumb\":{\"@id\":\"https:\\\/\\\/gitelesalberts.fr\\\/index.php\\\/2025\\\/04\\\/28\\\/balades-en-pyrenees\\\/#breadcrumb\"},\"inLanguage\":\"fr-FR\",\"potentialAction\":[{\"@type\":\"ReadAction\",\"target\":[\"https:\\\/\\\/gitelesalberts.fr\\\/index.php\\\/2025\\\/04\\\/28\\\/balades-en-pyrenees\\\/\"]}]},{\"@type\":\"ImageObject\",\"inLanguage\":\"fr-FR\",\"@id\":\"https:\\\/\\\/gitelesalberts.fr\\\/index.php\\\/2025\\\/04\\\/28\\\/balades-en-pyrenees\\\/#primaryimage\",\"url\":\"https:\\\/\\\/gitelesalberts.fr\\\/wp-content\\\/uploads\\\/2022\\\/04\\\/2022.04.25-lac-destaing-1.jpg\",\"contentUrl\":\"https:\\\/\\\/gitelesalberts.fr\\\/wp-content\\\/uploads\\\/2022\\\/04\\\/2022.04.25-lac-destaing-1.jpg\",\"width\":1024,\"height\":768,\"caption\":\"gite les alberts \\\/ balades en pyrenees \\\/ lac d'estaing\"},{\"@type\":\"BreadcrumbList\",\"@id\":\"https:\\\/\\\/gitelesalberts.fr\\\/index.php\\\/2025\\\/04\\\/28\\\/balades-en-pyrenees\\\/#breadcrumb\",\"itemListElement\":[{\"@type\":\"ListItem\",\"position\":1,\"name\":\"Accueil\",\"item\":\"https:\\\/\\\/gitelesalberts.fr\\\/\"},{\"@type\":\"ListItem\",\"position\":2,\"name\":\"p\u00eale-m\u00eale de photos &#8230; reprise de la saison des balades !\"}]},{\"@type\":\"WebSite\",\"@id\":\"https:\\\/\\\/gitelesalberts.fr\\\/#website\",\"url\":\"https:\\\/\\\/gitelesalberts.fr\\\/\",\"name\":\"G\u00eete Les Alberts\",\"description\":\"G\u00eete situ\u00e9 dans les Pyr\u00e9n\u00e9es\",\"potentialAction\":[{\"@type\":\"SearchAction\",\"target\":{\"@type\":\"EntryPoint\",\"urlTemplate\":\"https:\\\/\\\/gitelesalberts.fr\\\/?s={search_term_string}\"},\"query-input\":{\"@type\":\"PropertyValueSpecification\",\"valueRequired\":true,\"valueName\":\"search_term_string\"}}],\"inLanguage\":\"fr-FR\"},{\"@type\":\"Person\",\"@id\":\"https:\\\/\\\/gitelesalberts.fr\\\/#\\\/schema\\\/person\\\/dc2875b135cac2f8cfee2be04c1e7c83\",\"name\":\"lesalberts\",\"image\":{\"@type\":\"ImageObject\",\"inLanguage\":\"fr-FR\",\"@id\":\"https:\\\/\\\/secure.gravatar.com\\\/avatar\\\/039b887a09a57764c8e26f518e63843b29233f3f456f02f763fbf1331b58f7e2?s=96&d=mm&r=g\",\"url\":\"https:\\\/\\\/secure.gravatar.com\\\/avatar\\\/039b887a09a57764c8e26f518e63843b29233f3f456f02f763fbf1331b58f7e2?s=96&d=mm&r=g\",\"contentUrl\":\"https:\\\/\\\/secure.gravatar.com\\\/avatar\\\/039b887a09a57764c8e26f518e63843b29233f3f456f02f763fbf1331b58f7e2?s=96&d=mm&r=g\",\"caption\":\"lesalberts\"},\"sameAs\":[\"http:\\\/\\\/gitelesalberts.fr\"],\"url\":\"https:\\\/\\\/gitelesalberts.fr\\\/index.php\\\/author\\\/admin6314\\\/\"}]}<\/script>\n<!-- \/ Yoast SEO plugin. -->","yoast_head_json":{"title":"p\u00eale-m\u00eale de photos ... reprise de la saison des balades ! - G\u00eete Les Alberts","description":"Les Pyr\u00e9n\u00e9es et tout particuli\u00e8rement le val d'Azun sont riches de circuits de balades tr\u00e8s bien balis\u00e9s et de tout niveau.","robots":{"index":"index","follow":"follow","max-snippet":"max-snippet:-1","max-image-preview":"max-image-preview:large","max-video-preview":"max-video-preview:-1"},"canonical":"https:\/\/gitelesalberts.fr\/index.php\/2025\/04\/28\/balades-en-pyrenees\/","og_locale":"fr_FR","og_type":"article","og_title":"p\u00eale-m\u00eale de photos ... reprise de la saison des balades ! - G\u00eete Les Alberts","og_description":"Les Pyr\u00e9n\u00e9es et tout particuli\u00e8rement le val d'Azun sont riches de circuits de balades tr\u00e8s bien balis\u00e9s et de tout niveau.","og_url":"https:\/\/gitelesalberts.fr\/index.php\/2025\/04\/28\/balades-en-pyrenees\/","og_site_name":"G\u00eete Les Alberts","article_published_time":"2025-04-28T15:21:30+00:00","article_modified_time":"2025-06-25T09:15:27+00:00","og_image":[{"width":1024,"height":768,"url":"https:\/\/gitelesalberts.fr\/wp-content\/uploads\/2022\/04\/2022.04.25-lac-destaing-1.jpg","type":"image\/jpeg"}],"author":"lesalberts","twitter_card":"summary_large_image","twitter_misc":{"\u00c9crit par":"lesalberts","Dur\u00e9e de lecture estim\u00e9e":"2 minutes"},"schema":{"@context":"https:\/\/schema.org","@graph":[{"@type":"Article","@id":"https:\/\/gitelesalberts.fr\/index.php\/2025\/04\/28\/balades-en-pyrenees\/#article","isPartOf":{"@id":"https:\/\/gitelesalberts.fr\/index.php\/2025\/04\/28\/balades-en-pyrenees\/"},"author":{"name":"lesalberts","@id":"https:\/\/gitelesalberts.fr\/#\/schema\/person\/dc2875b135cac2f8cfee2be04c1e7c83"},"headline":"p\u00eale-m\u00eale de photos &#8230; reprise de la saison des balades !","datePublished":"2025-04-28T15:21:30+00:00","dateModified":"2025-06-25T09:15:27+00:00","mainEntityOfPage":{"@id":"https:\/\/gitelesalberts.fr\/index.php\/2025\/04\/28\/balades-en-pyrenees\/"},"wordCount":68,"commentCount":0,"image":{"@id":"https:\/\/gitelesalberts.fr\/index.php\/2025\/04\/28\/balades-en-pyrenees\/#primaryimage"},"thumbnailUrl":"https:\/\/gitelesalberts.fr\/wp-content\/uploads\/2022\/04\/2022.04.25-lac-destaing-1.jpg","articleSection":["rando"],"inLanguage":"fr-FR","potentialAction":[{"@type":"CommentAction","name":"Comment","target":["https:\/\/gitelesalberts.fr\/index.php\/2025\/04\/28\/balades-en-pyrenees\/#respond"]}]},{"@type":"WebPage","@id":"https:\/\/gitelesalberts.fr\/index.php\/2025\/04\/28\/balades-en-pyrenees\/","url":"https:\/\/gitelesalberts.fr\/index.php\/2025\/04\/28\/balades-en-pyrenees\/","name":"p\u00eale-m\u00eale de photos ... reprise de la saison des balades ! - G\u00eete Les Alberts","isPartOf":{"@id":"https:\/\/gitelesalberts.fr\/#website"},"primaryImageOfPage":{"@id":"https:\/\/gitelesalberts.fr\/index.php\/2025\/04\/28\/balades-en-pyrenees\/#primaryimage"},"image":{"@id":"https:\/\/gitelesalberts.fr\/index.php\/2025\/04\/28\/balades-en-pyrenees\/#primaryimage"},"thumbnailUrl":"https:\/\/gitelesalberts.fr\/wp-content\/uploads\/2022\/04\/2022.04.25-lac-destaing-1.jpg","datePublished":"2025-04-28T15:21:30+00:00","dateModified":"2025-06-25T09:15:27+00:00","author":{"@id":"https:\/\/gitelesalberts.fr\/#\/schema\/person\/dc2875b135cac2f8cfee2be04c1e7c83"},"description":"Les Pyr\u00e9n\u00e9es et tout particuli\u00e8rement le val d'Azun sont riches de circuits de balades tr\u00e8s bien balis\u00e9s et de tout niveau.","breadcrumb":{"@id":"https:\/\/gitelesalberts.fr\/index.php\/2025\/04\/28\/balades-en-pyrenees\/#breadcrumb"},"inLanguage":"fr-FR","potentialAction":[{"@type":"ReadAction","target":["https:\/\/gitelesalberts.fr\/index.php\/2025\/04\/28\/balades-en-pyrenees\/"]}]},{"@type":"ImageObject","inLanguage":"fr-FR","@id":"https:\/\/gitelesalberts.fr\/index.php\/2025\/04\/28\/balades-en-pyrenees\/#primaryimage","url":"https:\/\/gitelesalberts.fr\/wp-content\/uploads\/2022\/04\/2022.04.25-lac-destaing-1.jpg","contentUrl":"https:\/\/gitelesalberts.fr\/wp-content\/uploads\/2022\/04\/2022.04.25-lac-destaing-1.jpg","width":1024,"height":768,"caption":"gite les alberts \/ balades en pyrenees \/ lac d'estaing"},{"@type":"BreadcrumbList","@id":"https:\/\/gitelesalberts.fr\/index.php\/2025\/04\/28\/balades-en-pyrenees\/#breadcrumb","itemListElement":[{"@type":"ListItem","position":1,"name":"Accueil","item":"https:\/\/gitelesalberts.fr\/"},{"@type":"ListItem","position":2,"name":"p\u00eale-m\u00eale de photos &#8230; reprise de la saison des balades !"}]},{"@type":"WebSite","@id":"https:\/\/gitelesalberts.fr\/#website","url":"https:\/\/gitelesalberts.fr\/","name":"G\u00eete Les Alberts","description":"G\u00eete situ\u00e9 dans les Pyr\u00e9n\u00e9es","potentialAction":[{"@type":"SearchAction","target":{"@type":"EntryPoint","urlTemplate":"https:\/\/gitelesalberts.fr\/?s={search_term_string}"},"query-input":{"@type":"PropertyValueSpecification","valueRequired":true,"valueName":"search_term_string"}}],"inLanguage":"fr-FR"},{"@type":"Person","@id":"https:\/\/gitelesalberts.fr\/#\/schema\/person\/dc2875b135cac2f8cfee2be04c1e7c83","name":"lesalberts","image":{"@type":"ImageObject","inLanguage":"fr-FR","@id":"https:\/\/secure.gravatar.com\/avatar\/039b887a09a57764c8e26f518e63843b29233f3f456f02f763fbf1331b58f7e2?s=96&d=mm&r=g","url":"https:\/\/secure.gravatar.com\/avatar\/039b887a09a57764c8e26f518e63843b29233f3f456f02f763fbf1331b58f7e2?s=96&d=mm&r=g","contentUrl":"https:\/\/secure.gravatar.com\/avatar\/039b887a09a57764c8e26f518e63843b29233f3f456f02f763fbf1331b58f7e2?s=96&d=mm&r=g","caption":"lesalberts"},"sameAs":["http:\/\/gitelesalberts.fr"],"url":"https:\/\/gitelesalberts.fr\/index.php\/author\/admin6314\/"}]}},"_links":{"self":[{"href":"https:\/\/gitelesalberts.fr\/index.php\/wp-json\/wp\/v2\/posts\/1751","targetHints":{"allow":["GET"]}}],"collection":[{"href":"https:\/\/gitelesalberts.fr\/index.php\/wp-json\/wp\/v2\/posts"}],"about":[{"href":"https:\/\/gitelesalberts.fr\/index.php\/wp-json\/wp\/v2\/types\/post"}],"author":[{"embeddable":true,"href":"https:\/\/gitelesalberts.fr\/index.php\/wp-json\/wp\/v2\/users\/1"}],"replies":[{"embeddable":true,"href":"https:\/\/gitelesalberts.fr\/index.php\/wp-json\/wp\/v2\/comments?post=1751"}],"version-history":[{"count":11,"href":"https:\/\/gitelesalberts.fr\/index.php\/wp-json\/wp\/v2\/posts\/1751\/revisions"}],"predecessor-version":[{"id":1868,"href":"https:\/\/gitelesalberts.fr\/index.php\/wp-json\/wp\/v2\/posts\/1751\/revisions\/1868"}],"wp:featuredmedia":[{"embeddable":true,"href":"https:\/\/gitelesalberts.fr\/index.php\/wp-json\/wp\/v2\/media\/1743"}],"wp:attachment":[{"href":"https:\/\/gitelesalberts.fr\/index.php\/wp-json\/wp\/v2\/media?parent=1751"}],"wp:term":[{"taxonomy":"category","embeddable":true,"href":"https:\/\/gitelesalberts.fr\/index.php\/wp-json\/wp\/v2\/categories?post=1751"},{"taxonomy":"post_tag","embeddable":true,"href":"https:\/\/gitelesalberts.fr\/index.php\/wp-json\/wp\/v2\/tags?post=1751"}],"curies":[{"name":"wp","href":"https:\/\/api.w.org\/{rel}","templated":true}]}}