{"id":1401,"date":"2025-06-14T06:00:00","date_gmt":"2025-06-14T04:00:00","guid":{"rendered":"https:\/\/gitelesalberts.fr\/?p=1401"},"modified":"2025-06-28T14:43:45","modified_gmt":"2025-06-28T12:43:45","slug":"tour-feminin-international-des-pyrenees","status":"publish","type":"post","link":"https:\/\/gitelesalberts.fr\/index.php\/2025\/06\/14\/tour-feminin-international-des-pyrenees\/","title":{"rendered":"Tour f\u00e9minin international des Pyr\u00e9n\u00e9es"},"content":{"rendered":"\n<h3 class=\"wp-block-heading\">Du 13 au 15 Juin, 3 jours de courses pour le tour f\u00e9minin international des Pyr\u00e9n\u00e9es avec au programme 3 \u00e9tapes :<\/h3>\n\n\n\n<h3 class=\"wp-block-heading\">1er jour &#8211; 112 km<\/h3>\n\n\n\n<h3 class=\"wp-block-heading\">2\u00e8me jour &#8211; 134 km avec arriv\u00e9e au sommet du Soulor<\/h3>\n\n\n\n<h3 class=\"wp-block-heading\">3\u00e8me jour &#8211; 129 km<\/h3>\n\n\n\n<h3 class=\"wp-block-heading\">Le 14 Juin, Arrens sera au c\u0153ur d&rsquo;une lutte \u00e0 v\u00e9lo de 134 km. D\u00e9part de Trie sur Ba\u00efse, arriv\u00e9e col du Soulor.<\/h3>\n\n\n\n<h3 class=\"wp-block-heading\">Pour tous les d\u00e9tails du programme <a href=\"https:\/\/www.afcc-officiel.fr\/\" target=\"_blank\" rel=\"noreferrer noopener\">https:\/\/<a href=\"https:\/\/tfipcyclisme.wixsite.com\/tfip\" target=\"_blank\" rel=\"noreferrer noopener\">tfipcyclisme.wixsite.com\/tfip<\/a><\/a><\/h3>\n\n\n\n<figure class=\"wp-block-image size-full is-style-default\"><img loading=\"lazy\" decoding=\"async\" width=\"509\" height=\"720\" src=\"https:\/\/gitelesalberts.fr\/wp-content\/uploads\/2025\/06\/tour-feminin-international-des-pyrenees.jpg\" alt=\"gite les alberts \/ evenements \/ tour f\u00e9minin international des pyrenees\" class=\"wp-image-2766\" srcset=\"https:\/\/gitelesalberts.fr\/wp-content\/uploads\/2025\/06\/tour-feminin-international-des-pyrenees.jpg 509w, https:\/\/gitelesalberts.fr\/wp-content\/uploads\/2025\/06\/tour-feminin-international-des-pyrenees-212x300.jpg 212w\" sizes=\"auto, (max-width: 509px) 100vw, 509px\" \/><figcaption class=\"wp-element-caption\">gite les alberts \/ evenements \/ tour f\u00e9minin international des pyrenees<\/figcaption><\/figure>\n","protected":false},"excerpt":{"rendered":"<p>Place aux femmes sur les pentes de nos montagnes &#8230;<\/p>\n","protected":false},"author":1,"featured_media":2767,"comment_status":"open","ping_status":"open","sticky":false,"template":"","format":"standard","meta":{"footnotes":""},"categories":[10],"tags":[],"class_list":["post-1401","post","type-post","status-publish","format-standard","has-post-thumbnail","hentry","category-evenements-festivites"],"yoast_head":"<!-- This site is optimized with the Yoast SEO plugin v27.4 - https:\/\/yoast.com\/product\/yoast-seo-wordpress\/ -->\n<title>Tour f\u00e9minin international des Pyr\u00e9n\u00e9es - G\u00eete Les Alberts<\/title>\n<meta name=\"description\" content=\"Du 5 au 7 Aout, 3 jours de courses pour le tour f\u00e9minin international des Pyr\u00e9n\u00e9es avec au programme 4 \u00e9tapes.\" \/>\n<meta name=\"robots\" content=\"index, follow, max-snippet:-1, max-image-preview:large, max-video-preview:-1\" \/>\n<link rel=\"canonical\" href=\"https:\/\/gitelesalberts.fr\/index.php\/2025\/06\/14\/tour-feminin-international-des-pyrenees\/\" \/>\n<meta property=\"og:locale\" content=\"fr_FR\" \/>\n<meta property=\"og:type\" content=\"article\" \/>\n<meta property=\"og:title\" content=\"Tour f\u00e9minin international des Pyr\u00e9n\u00e9es - G\u00eete Les Alberts\" \/>\n<meta property=\"og:description\" content=\"Du 5 au 7 Aout, 3 jours de courses pour le tour f\u00e9minin international des Pyr\u00e9n\u00e9es avec au programme 4 \u00e9tapes.\" \/>\n<meta property=\"og:url\" content=\"https:\/\/gitelesalberts.fr\/index.php\/2025\/06\/14\/tour-feminin-international-des-pyrenees\/\" \/>\n<meta property=\"og:site_name\" content=\"G\u00eete Les Alberts\" \/>\n<meta property=\"article:published_time\" content=\"2025-06-14T04:00:00+00:00\" \/>\n<meta property=\"article:modified_time\" content=\"2025-06-28T12:43:45+00:00\" \/>\n<meta property=\"og:image\" content=\"https:\/\/gitelesalberts.fr\/wp-content\/uploads\/2025\/06\/tour-feminin-international-des-pyrenees.webp\" \/>\n\t<meta property=\"og:image:width\" content=\"970\" \/>\n\t<meta property=\"og:image:height\" content=\"546\" \/>\n\t<meta property=\"og:image:type\" content=\"image\/webp\" \/>\n<meta name=\"author\" content=\"lesalberts\" \/>\n<meta name=\"twitter:card\" content=\"summary_large_image\" \/>\n<meta name=\"twitter:label1\" content=\"\u00c9crit par\" \/>\n\t<meta name=\"twitter:data1\" content=\"lesalberts\" \/>\n\t<meta name=\"twitter:label2\" content=\"Dur\u00e9e de lecture estim\u00e9e\" \/>\n\t<meta name=\"twitter:data2\" content=\"1 minute\" \/>\n<script type=\"application\/ld+json\" class=\"yoast-schema-graph\">{\"@context\":\"https:\\\/\\\/schema.org\",\"@graph\":[{\"@type\":\"Article\",\"@id\":\"https:\\\/\\\/gitelesalberts.fr\\\/index.php\\\/2025\\\/06\\\/14\\\/tour-feminin-international-des-pyrenees\\\/#article\",\"isPartOf\":{\"@id\":\"https:\\\/\\\/gitelesalberts.fr\\\/index.php\\\/2025\\\/06\\\/14\\\/tour-feminin-international-des-pyrenees\\\/\"},\"author\":{\"name\":\"lesalberts\",\"@id\":\"https:\\\/\\\/gitelesalberts.fr\\\/#\\\/schema\\\/person\\\/dc2875b135cac2f8cfee2be04c1e7c83\"},\"headline\":\"Tour f\u00e9minin international des Pyr\u00e9n\u00e9es\",\"datePublished\":\"2025-06-14T04:00:00+00:00\",\"dateModified\":\"2025-06-28T12:43:45+00:00\",\"mainEntityOfPage\":{\"@id\":\"https:\\\/\\\/gitelesalberts.fr\\\/index.php\\\/2025\\\/06\\\/14\\\/tour-feminin-international-des-pyrenees\\\/\"},\"wordCount\":94,\"commentCount\":0,\"image\":{\"@id\":\"https:\\\/\\\/gitelesalberts.fr\\\/index.php\\\/2025\\\/06\\\/14\\\/tour-feminin-international-des-pyrenees\\\/#primaryimage\"},\"thumbnailUrl\":\"https:\\\/\\\/gitelesalberts.fr\\\/wp-content\\\/uploads\\\/2025\\\/06\\\/tour-feminin-international-des-pyrenees.webp\",\"articleSection\":[\"\u00e9v\u00e9nements \\\/ festivit\u00e9s\"],\"inLanguage\":\"fr-FR\",\"potentialAction\":[{\"@type\":\"CommentAction\",\"name\":\"Comment\",\"target\":[\"https:\\\/\\\/gitelesalberts.fr\\\/index.php\\\/2025\\\/06\\\/14\\\/tour-feminin-international-des-pyrenees\\\/#respond\"]}]},{\"@type\":\"WebPage\",\"@id\":\"https:\\\/\\\/gitelesalberts.fr\\\/index.php\\\/2025\\\/06\\\/14\\\/tour-feminin-international-des-pyrenees\\\/\",\"url\":\"https:\\\/\\\/gitelesalberts.fr\\\/index.php\\\/2025\\\/06\\\/14\\\/tour-feminin-international-des-pyrenees\\\/\",\"name\":\"Tour f\u00e9minin international des Pyr\u00e9n\u00e9es - G\u00eete Les Alberts\",\"isPartOf\":{\"@id\":\"https:\\\/\\\/gitelesalberts.fr\\\/#website\"},\"primaryImageOfPage\":{\"@id\":\"https:\\\/\\\/gitelesalberts.fr\\\/index.php\\\/2025\\\/06\\\/14\\\/tour-feminin-international-des-pyrenees\\\/#primaryimage\"},\"image\":{\"@id\":\"https:\\\/\\\/gitelesalberts.fr\\\/index.php\\\/2025\\\/06\\\/14\\\/tour-feminin-international-des-pyrenees\\\/#primaryimage\"},\"thumbnailUrl\":\"https:\\\/\\\/gitelesalberts.fr\\\/wp-content\\\/uploads\\\/2025\\\/06\\\/tour-feminin-international-des-pyrenees.webp\",\"datePublished\":\"2025-06-14T04:00:00+00:00\",\"dateModified\":\"2025-06-28T12:43:45+00:00\",\"author\":{\"@id\":\"https:\\\/\\\/gitelesalberts.fr\\\/#\\\/schema\\\/person\\\/dc2875b135cac2f8cfee2be04c1e7c83\"},\"description\":\"Du 5 au 7 Aout, 3 jours de courses pour le tour f\u00e9minin international des Pyr\u00e9n\u00e9es avec au programme 4 \u00e9tapes.\",\"breadcrumb\":{\"@id\":\"https:\\\/\\\/gitelesalberts.fr\\\/index.php\\\/2025\\\/06\\\/14\\\/tour-feminin-international-des-pyrenees\\\/#breadcrumb\"},\"inLanguage\":\"fr-FR\",\"potentialAction\":[{\"@type\":\"ReadAction\",\"target\":[\"https:\\\/\\\/gitelesalberts.fr\\\/index.php\\\/2025\\\/06\\\/14\\\/tour-feminin-international-des-pyrenees\\\/\"]}]},{\"@type\":\"ImageObject\",\"inLanguage\":\"fr-FR\",\"@id\":\"https:\\\/\\\/gitelesalberts.fr\\\/index.php\\\/2025\\\/06\\\/14\\\/tour-feminin-international-des-pyrenees\\\/#primaryimage\",\"url\":\"https:\\\/\\\/gitelesalberts.fr\\\/wp-content\\\/uploads\\\/2025\\\/06\\\/tour-feminin-international-des-pyrenees.webp\",\"contentUrl\":\"https:\\\/\\\/gitelesalberts.fr\\\/wp-content\\\/uploads\\\/2025\\\/06\\\/tour-feminin-international-des-pyrenees.webp\",\"width\":970,\"height\":546,\"caption\":\"gite les alberts \\\/ evenements \\\/ tour f\u00e9minin international des pyrenees\"},{\"@type\":\"BreadcrumbList\",\"@id\":\"https:\\\/\\\/gitelesalberts.fr\\\/index.php\\\/2025\\\/06\\\/14\\\/tour-feminin-international-des-pyrenees\\\/#breadcrumb\",\"itemListElement\":[{\"@type\":\"ListItem\",\"position\":1,\"name\":\"Accueil\",\"item\":\"https:\\\/\\\/gitelesalberts.fr\\\/\"},{\"@type\":\"ListItem\",\"position\":2,\"name\":\"Tour f\u00e9minin international des Pyr\u00e9n\u00e9es\"}]},{\"@type\":\"WebSite\",\"@id\":\"https:\\\/\\\/gitelesalberts.fr\\\/#website\",\"url\":\"https:\\\/\\\/gitelesalberts.fr\\\/\",\"name\":\"G\u00eete Les Alberts\",\"description\":\"G\u00eete situ\u00e9 dans les Pyr\u00e9n\u00e9es\",\"potentialAction\":[{\"@type\":\"SearchAction\",\"target\":{\"@type\":\"EntryPoint\",\"urlTemplate\":\"https:\\\/\\\/gitelesalberts.fr\\\/?s={search_term_string}\"},\"query-input\":{\"@type\":\"PropertyValueSpecification\",\"valueRequired\":true,\"valueName\":\"search_term_string\"}}],\"inLanguage\":\"fr-FR\"},{\"@type\":\"Person\",\"@id\":\"https:\\\/\\\/gitelesalberts.fr\\\/#\\\/schema\\\/person\\\/dc2875b135cac2f8cfee2be04c1e7c83\",\"name\":\"lesalberts\",\"image\":{\"@type\":\"ImageObject\",\"inLanguage\":\"fr-FR\",\"@id\":\"https:\\\/\\\/secure.gravatar.com\\\/avatar\\\/039b887a09a57764c8e26f518e63843b29233f3f456f02f763fbf1331b58f7e2?s=96&d=mm&r=g\",\"url\":\"https:\\\/\\\/secure.gravatar.com\\\/avatar\\\/039b887a09a57764c8e26f518e63843b29233f3f456f02f763fbf1331b58f7e2?s=96&d=mm&r=g\",\"contentUrl\":\"https:\\\/\\\/secure.gravatar.com\\\/avatar\\\/039b887a09a57764c8e26f518e63843b29233f3f456f02f763fbf1331b58f7e2?s=96&d=mm&r=g\",\"caption\":\"lesalberts\"},\"sameAs\":[\"http:\\\/\\\/gitelesalberts.fr\"],\"url\":\"https:\\\/\\\/gitelesalberts.fr\\\/index.php\\\/author\\\/admin6314\\\/\"}]}<\/script>\n<!-- \/ Yoast SEO plugin. -->","yoast_head_json":{"title":"Tour f\u00e9minin international des Pyr\u00e9n\u00e9es - G\u00eete Les Alberts","description":"Du 5 au 7 Aout, 3 jours de courses pour le tour f\u00e9minin international des Pyr\u00e9n\u00e9es avec au programme 4 \u00e9tapes.","robots":{"index":"index","follow":"follow","max-snippet":"max-snippet:-1","max-image-preview":"max-image-preview:large","max-video-preview":"max-video-preview:-1"},"canonical":"https:\/\/gitelesalberts.fr\/index.php\/2025\/06\/14\/tour-feminin-international-des-pyrenees\/","og_locale":"fr_FR","og_type":"article","og_title":"Tour f\u00e9minin international des Pyr\u00e9n\u00e9es - G\u00eete Les Alberts","og_description":"Du 5 au 7 Aout, 3 jours de courses pour le tour f\u00e9minin international des Pyr\u00e9n\u00e9es avec au programme 4 \u00e9tapes.","og_url":"https:\/\/gitelesalberts.fr\/index.php\/2025\/06\/14\/tour-feminin-international-des-pyrenees\/","og_site_name":"G\u00eete Les Alberts","article_published_time":"2025-06-14T04:00:00+00:00","article_modified_time":"2025-06-28T12:43:45+00:00","og_image":[{"width":970,"height":546,"url":"https:\/\/gitelesalberts.fr\/wp-content\/uploads\/2025\/06\/tour-feminin-international-des-pyrenees.webp","type":"image\/webp"}],"author":"lesalberts","twitter_card":"summary_large_image","twitter_misc":{"\u00c9crit par":"lesalberts","Dur\u00e9e de lecture estim\u00e9e":"1 minute"},"schema":{"@context":"https:\/\/schema.org","@graph":[{"@type":"Article","@id":"https:\/\/gitelesalberts.fr\/index.php\/2025\/06\/14\/tour-feminin-international-des-pyrenees\/#article","isPartOf":{"@id":"https:\/\/gitelesalberts.fr\/index.php\/2025\/06\/14\/tour-feminin-international-des-pyrenees\/"},"author":{"name":"lesalberts","@id":"https:\/\/gitelesalberts.fr\/#\/schema\/person\/dc2875b135cac2f8cfee2be04c1e7c83"},"headline":"Tour f\u00e9minin international des Pyr\u00e9n\u00e9es","datePublished":"2025-06-14T04:00:00+00:00","dateModified":"2025-06-28T12:43:45+00:00","mainEntityOfPage":{"@id":"https:\/\/gitelesalberts.fr\/index.php\/2025\/06\/14\/tour-feminin-international-des-pyrenees\/"},"wordCount":94,"commentCount":0,"image":{"@id":"https:\/\/gitelesalberts.fr\/index.php\/2025\/06\/14\/tour-feminin-international-des-pyrenees\/#primaryimage"},"thumbnailUrl":"https:\/\/gitelesalberts.fr\/wp-content\/uploads\/2025\/06\/tour-feminin-international-des-pyrenees.webp","articleSection":["\u00e9v\u00e9nements \/ festivit\u00e9s"],"inLanguage":"fr-FR","potentialAction":[{"@type":"CommentAction","name":"Comment","target":["https:\/\/gitelesalberts.fr\/index.php\/2025\/06\/14\/tour-feminin-international-des-pyrenees\/#respond"]}]},{"@type":"WebPage","@id":"https:\/\/gitelesalberts.fr\/index.php\/2025\/06\/14\/tour-feminin-international-des-pyrenees\/","url":"https:\/\/gitelesalberts.fr\/index.php\/2025\/06\/14\/tour-feminin-international-des-pyrenees\/","name":"Tour f\u00e9minin international des Pyr\u00e9n\u00e9es - G\u00eete Les Alberts","isPartOf":{"@id":"https:\/\/gitelesalberts.fr\/#website"},"primaryImageOfPage":{"@id":"https:\/\/gitelesalberts.fr\/index.php\/2025\/06\/14\/tour-feminin-international-des-pyrenees\/#primaryimage"},"image":{"@id":"https:\/\/gitelesalberts.fr\/index.php\/2025\/06\/14\/tour-feminin-international-des-pyrenees\/#primaryimage"},"thumbnailUrl":"https:\/\/gitelesalberts.fr\/wp-content\/uploads\/2025\/06\/tour-feminin-international-des-pyrenees.webp","datePublished":"2025-06-14T04:00:00+00:00","dateModified":"2025-06-28T12:43:45+00:00","author":{"@id":"https:\/\/gitelesalberts.fr\/#\/schema\/person\/dc2875b135cac2f8cfee2be04c1e7c83"},"description":"Du 5 au 7 Aout, 3 jours de courses pour le tour f\u00e9minin international des Pyr\u00e9n\u00e9es avec au programme 4 \u00e9tapes.","breadcrumb":{"@id":"https:\/\/gitelesalberts.fr\/index.php\/2025\/06\/14\/tour-feminin-international-des-pyrenees\/#breadcrumb"},"inLanguage":"fr-FR","potentialAction":[{"@type":"ReadAction","target":["https:\/\/gitelesalberts.fr\/index.php\/2025\/06\/14\/tour-feminin-international-des-pyrenees\/"]}]},{"@type":"ImageObject","inLanguage":"fr-FR","@id":"https:\/\/gitelesalberts.fr\/index.php\/2025\/06\/14\/tour-feminin-international-des-pyrenees\/#primaryimage","url":"https:\/\/gitelesalberts.fr\/wp-content\/uploads\/2025\/06\/tour-feminin-international-des-pyrenees.webp","contentUrl":"https:\/\/gitelesalberts.fr\/wp-content\/uploads\/2025\/06\/tour-feminin-international-des-pyrenees.webp","width":970,"height":546,"caption":"gite les alberts \/ evenements \/ tour f\u00e9minin international des pyrenees"},{"@type":"BreadcrumbList","@id":"https:\/\/gitelesalberts.fr\/index.php\/2025\/06\/14\/tour-feminin-international-des-pyrenees\/#breadcrumb","itemListElement":[{"@type":"ListItem","position":1,"name":"Accueil","item":"https:\/\/gitelesalberts.fr\/"},{"@type":"ListItem","position":2,"name":"Tour f\u00e9minin international des Pyr\u00e9n\u00e9es"}]},{"@type":"WebSite","@id":"https:\/\/gitelesalberts.fr\/#website","url":"https:\/\/gitelesalberts.fr\/","name":"G\u00eete Les Alberts","description":"G\u00eete situ\u00e9 dans les Pyr\u00e9n\u00e9es","potentialAction":[{"@type":"SearchAction","target":{"@type":"EntryPoint","urlTemplate":"https:\/\/gitelesalberts.fr\/?s={search_term_string}"},"query-input":{"@type":"PropertyValueSpecification","valueRequired":true,"valueName":"search_term_string"}}],"inLanguage":"fr-FR"},{"@type":"Person","@id":"https:\/\/gitelesalberts.fr\/#\/schema\/person\/dc2875b135cac2f8cfee2be04c1e7c83","name":"lesalberts","image":{"@type":"ImageObject","inLanguage":"fr-FR","@id":"https:\/\/secure.gravatar.com\/avatar\/039b887a09a57764c8e26f518e63843b29233f3f456f02f763fbf1331b58f7e2?s=96&d=mm&r=g","url":"https:\/\/secure.gravatar.com\/avatar\/039b887a09a57764c8e26f518e63843b29233f3f456f02f763fbf1331b58f7e2?s=96&d=mm&r=g","contentUrl":"https:\/\/secure.gravatar.com\/avatar\/039b887a09a57764c8e26f518e63843b29233f3f456f02f763fbf1331b58f7e2?s=96&d=mm&r=g","caption":"lesalberts"},"sameAs":["http:\/\/gitelesalberts.fr"],"url":"https:\/\/gitelesalberts.fr\/index.php\/author\/admin6314\/"}]}},"_links":{"self":[{"href":"https:\/\/gitelesalberts.fr\/index.php\/wp-json\/wp\/v2\/posts\/1401","targetHints":{"allow":["GET"]}}],"collection":[{"href":"https:\/\/gitelesalberts.fr\/index.php\/wp-json\/wp\/v2\/posts"}],"about":[{"href":"https:\/\/gitelesalberts.fr\/index.php\/wp-json\/wp\/v2\/types\/post"}],"author":[{"embeddable":true,"href":"https:\/\/gitelesalberts.fr\/index.php\/wp-json\/wp\/v2\/users\/1"}],"replies":[{"embeddable":true,"href":"https:\/\/gitelesalberts.fr\/index.php\/wp-json\/wp\/v2\/comments?post=1401"}],"version-history":[{"count":27,"href":"https:\/\/gitelesalberts.fr\/index.php\/wp-json\/wp\/v2\/posts\/1401\/revisions"}],"predecessor-version":[{"id":2772,"href":"https:\/\/gitelesalberts.fr\/index.php\/wp-json\/wp\/v2\/posts\/1401\/revisions\/2772"}],"wp:featuredmedia":[{"embeddable":true,"href":"https:\/\/gitelesalberts.fr\/index.php\/wp-json\/wp\/v2\/media\/2767"}],"wp:attachment":[{"href":"https:\/\/gitelesalberts.fr\/index.php\/wp-json\/wp\/v2\/media?parent=1401"}],"wp:term":[{"taxonomy":"category","embeddable":true,"href":"https:\/\/gitelesalberts.fr\/index.php\/wp-json\/wp\/v2\/categories?post=1401"},{"taxonomy":"post_tag","embeddable":true,"href":"https:\/\/gitelesalberts.fr\/index.php\/wp-json\/wp\/v2\/tags?post=1401"}],"curies":[{"name":"wp","href":"https:\/\/api.w.org\/{rel}","templated":true}]}}