{"id":1351,"date":"2022-01-30T17:51:00","date_gmt":"2022-01-30T16:51:00","guid":{"rendered":"https:\/\/gitelesalberts.fr\/?p=1351"},"modified":"2022-05-09T17:52:57","modified_gmt":"2022-05-09T15:52:57","slug":"souvenirs-de-sarah-et-gaetan","status":"publish","type":"post","link":"https:\/\/gitelesalberts.fr\/index.php\/2022\/01\/30\/souvenirs-de-sarah-et-gaetan\/","title":{"rendered":"Souvenirs de Sarah et Gaetan"},"content":{"rendered":"\n<h3 class=\"wp-block-heading\">Merci beaucoup pour votre accueil ainsi que le petit g\u00e2teau de bienvenue.<\/h3>\n\n\n\n<h3 class=\"wp-block-heading\">Merci pour vos conseils et disponibilit\u00e9s ainsi que le pr\u00eat de raquettes. Votre logement est vraiment top pour un court s\u00e9jour. Nous gardons votre contact en cas de nouveau s\u00e9jour dans vos montagnes que nous adorons.<\/h3>\n\n\n\n<h3 class=\"wp-block-heading\">Bonne continuation \u00e0 vous.<\/h3>\n\n\n\n<h3 class=\"wp-block-heading\">Sarah et Gaetan<\/h3>\n","protected":false},"excerpt":{"rendered":"<p>Merci beaucoup pour votre accueil ainsi  que le petit g\u00e2teaux de bienvenue.<\/p>\n","protected":false},"author":1,"featured_media":0,"comment_status":"open","ping_status":"open","sticky":false,"template":"","format":"standard","meta":{"footnotes":""},"categories":[11],"tags":[],"class_list":["post-1351","post","type-post","status-publish","format-standard","hentry","category-livre-dor"],"yoast_head":"<!-- This site is optimized with the Yoast SEO plugin v27.5 - https:\/\/yoast.com\/product\/yoast-seo-wordpress\/ -->\n<title>t\u00e9moignages et avis - G\u00eete Les Alberts<\/title>\n<meta name=\"description\" content=\"Nos visiteurs laissent leurs exp\u00e9riences dans notre livre d&#039;or et nous les partageons avec vous. Retrouvez \u00e9galement leurs avis dans la rubrique &quot;t\u00e9moignages&quot;.\" \/>\n<meta name=\"robots\" content=\"index, follow, max-snippet:-1, max-image-preview:large, max-video-preview:-1\" \/>\n<link rel=\"canonical\" href=\"https:\/\/gitelesalberts.fr\/index.php\/2022\/01\/30\/souvenirs-de-sarah-et-gaetan\/\" \/>\n<meta property=\"og:locale\" content=\"fr_FR\" \/>\n<meta property=\"og:type\" content=\"article\" \/>\n<meta property=\"og:title\" content=\"t\u00e9moignages et avis - G\u00eete Les Alberts\" \/>\n<meta property=\"og:description\" content=\"Nos visiteurs laissent leurs exp\u00e9riences dans notre livre d&#039;or et nous les partageons avec vous. Retrouvez \u00e9galement leurs avis dans la rubrique &quot;t\u00e9moignages&quot;.\" \/>\n<meta property=\"og:url\" content=\"https:\/\/gitelesalberts.fr\/index.php\/2022\/01\/30\/souvenirs-de-sarah-et-gaetan\/\" \/>\n<meta property=\"og:site_name\" content=\"G\u00eete Les Alberts\" \/>\n<meta property=\"article:published_time\" content=\"2022-01-30T16:51:00+00:00\" \/>\n<meta property=\"article:modified_time\" content=\"2022-05-09T15:52:57+00:00\" \/>\n<meta name=\"author\" content=\"lesalberts\" \/>\n<meta name=\"twitter:card\" content=\"summary_large_image\" \/>\n<meta name=\"twitter:label1\" content=\"\u00c9crit par\" \/>\n\t<meta name=\"twitter:data1\" content=\"lesalberts\" \/>\n\t<meta name=\"twitter:label2\" content=\"Dur\u00e9e de lecture estim\u00e9e\" \/>\n\t<meta name=\"twitter:data2\" content=\"1 minute\" \/>\n<script type=\"application\/ld+json\" class=\"yoast-schema-graph\">{\"@context\":\"https:\\\/\\\/schema.org\",\"@graph\":[{\"@type\":\"Article\",\"@id\":\"https:\\\/\\\/gitelesalberts.fr\\\/index.php\\\/2022\\\/01\\\/30\\\/souvenirs-de-sarah-et-gaetan\\\/#article\",\"isPartOf\":{\"@id\":\"https:\\\/\\\/gitelesalberts.fr\\\/index.php\\\/2022\\\/01\\\/30\\\/souvenirs-de-sarah-et-gaetan\\\/\"},\"author\":{\"name\":\"lesalberts\",\"@id\":\"https:\\\/\\\/gitelesalberts.fr\\\/#\\\/schema\\\/person\\\/dc2875b135cac2f8cfee2be04c1e7c83\"},\"headline\":\"Souvenirs de Sarah et Gaetan\",\"datePublished\":\"2022-01-30T16:51:00+00:00\",\"dateModified\":\"2022-05-09T15:52:57+00:00\",\"mainEntityOfPage\":{\"@id\":\"https:\\\/\\\/gitelesalberts.fr\\\/index.php\\\/2022\\\/01\\\/30\\\/souvenirs-de-sarah-et-gaetan\\\/\"},\"wordCount\":64,\"commentCount\":0,\"articleSection\":[\"livre d'or\"],\"inLanguage\":\"fr-FR\",\"potentialAction\":[{\"@type\":\"CommentAction\",\"name\":\"Comment\",\"target\":[\"https:\\\/\\\/gitelesalberts.fr\\\/index.php\\\/2022\\\/01\\\/30\\\/souvenirs-de-sarah-et-gaetan\\\/#respond\"]}]},{\"@type\":\"WebPage\",\"@id\":\"https:\\\/\\\/gitelesalberts.fr\\\/index.php\\\/2022\\\/01\\\/30\\\/souvenirs-de-sarah-et-gaetan\\\/\",\"url\":\"https:\\\/\\\/gitelesalberts.fr\\\/index.php\\\/2022\\\/01\\\/30\\\/souvenirs-de-sarah-et-gaetan\\\/\",\"name\":\"t\u00e9moignages et avis - G\u00eete Les Alberts\",\"isPartOf\":{\"@id\":\"https:\\\/\\\/gitelesalberts.fr\\\/#website\"},\"datePublished\":\"2022-01-30T16:51:00+00:00\",\"dateModified\":\"2022-05-09T15:52:57+00:00\",\"author\":{\"@id\":\"https:\\\/\\\/gitelesalberts.fr\\\/#\\\/schema\\\/person\\\/dc2875b135cac2f8cfee2be04c1e7c83\"},\"description\":\"Nos visiteurs laissent leurs exp\u00e9riences dans notre livre d'or et nous les partageons avec vous. Retrouvez \u00e9galement leurs avis dans la rubrique \\\"t\u00e9moignages\\\".\",\"breadcrumb\":{\"@id\":\"https:\\\/\\\/gitelesalberts.fr\\\/index.php\\\/2022\\\/01\\\/30\\\/souvenirs-de-sarah-et-gaetan\\\/#breadcrumb\"},\"inLanguage\":\"fr-FR\",\"potentialAction\":[{\"@type\":\"ReadAction\",\"target\":[\"https:\\\/\\\/gitelesalberts.fr\\\/index.php\\\/2022\\\/01\\\/30\\\/souvenirs-de-sarah-et-gaetan\\\/\"]}]},{\"@type\":\"BreadcrumbList\",\"@id\":\"https:\\\/\\\/gitelesalberts.fr\\\/index.php\\\/2022\\\/01\\\/30\\\/souvenirs-de-sarah-et-gaetan\\\/#breadcrumb\",\"itemListElement\":[{\"@type\":\"ListItem\",\"position\":1,\"name\":\"Accueil\",\"item\":\"https:\\\/\\\/gitelesalberts.fr\\\/\"},{\"@type\":\"ListItem\",\"position\":2,\"name\":\"Souvenirs de Sarah et Gaetan\"}]},{\"@type\":\"WebSite\",\"@id\":\"https:\\\/\\\/gitelesalberts.fr\\\/#website\",\"url\":\"https:\\\/\\\/gitelesalberts.fr\\\/\",\"name\":\"G\u00eete Les Alberts\",\"description\":\"G\u00eete situ\u00e9 dans les Pyr\u00e9n\u00e9es\",\"potentialAction\":[{\"@type\":\"SearchAction\",\"target\":{\"@type\":\"EntryPoint\",\"urlTemplate\":\"https:\\\/\\\/gitelesalberts.fr\\\/?s={search_term_string}\"},\"query-input\":{\"@type\":\"PropertyValueSpecification\",\"valueRequired\":true,\"valueName\":\"search_term_string\"}}],\"inLanguage\":\"fr-FR\"},{\"@type\":\"Person\",\"@id\":\"https:\\\/\\\/gitelesalberts.fr\\\/#\\\/schema\\\/person\\\/dc2875b135cac2f8cfee2be04c1e7c83\",\"name\":\"lesalberts\",\"image\":{\"@type\":\"ImageObject\",\"inLanguage\":\"fr-FR\",\"@id\":\"https:\\\/\\\/secure.gravatar.com\\\/avatar\\\/039b887a09a57764c8e26f518e63843b29233f3f456f02f763fbf1331b58f7e2?s=96&d=mm&r=g\",\"url\":\"https:\\\/\\\/secure.gravatar.com\\\/avatar\\\/039b887a09a57764c8e26f518e63843b29233f3f456f02f763fbf1331b58f7e2?s=96&d=mm&r=g\",\"contentUrl\":\"https:\\\/\\\/secure.gravatar.com\\\/avatar\\\/039b887a09a57764c8e26f518e63843b29233f3f456f02f763fbf1331b58f7e2?s=96&d=mm&r=g\",\"caption\":\"lesalberts\"},\"sameAs\":[\"http:\\\/\\\/gitelesalberts.fr\"],\"url\":\"https:\\\/\\\/gitelesalberts.fr\\\/index.php\\\/author\\\/admin6314\\\/\"}]}<\/script>\n<!-- \/ Yoast SEO plugin. -->","yoast_head_json":{"title":"t\u00e9moignages et avis - G\u00eete Les Alberts","description":"Nos visiteurs laissent leurs exp\u00e9riences dans notre livre d'or et nous les partageons avec vous. Retrouvez \u00e9galement leurs avis dans la rubrique \"t\u00e9moignages\".","robots":{"index":"index","follow":"follow","max-snippet":"max-snippet:-1","max-image-preview":"max-image-preview:large","max-video-preview":"max-video-preview:-1"},"canonical":"https:\/\/gitelesalberts.fr\/index.php\/2022\/01\/30\/souvenirs-de-sarah-et-gaetan\/","og_locale":"fr_FR","og_type":"article","og_title":"t\u00e9moignages et avis - G\u00eete Les Alberts","og_description":"Nos visiteurs laissent leurs exp\u00e9riences dans notre livre d'or et nous les partageons avec vous. Retrouvez \u00e9galement leurs avis dans la rubrique \"t\u00e9moignages\".","og_url":"https:\/\/gitelesalberts.fr\/index.php\/2022\/01\/30\/souvenirs-de-sarah-et-gaetan\/","og_site_name":"G\u00eete Les Alberts","article_published_time":"2022-01-30T16:51:00+00:00","article_modified_time":"2022-05-09T15:52:57+00:00","author":"lesalberts","twitter_card":"summary_large_image","twitter_misc":{"\u00c9crit par":"lesalberts","Dur\u00e9e de lecture estim\u00e9e":"1 minute"},"schema":{"@context":"https:\/\/schema.org","@graph":[{"@type":"Article","@id":"https:\/\/gitelesalberts.fr\/index.php\/2022\/01\/30\/souvenirs-de-sarah-et-gaetan\/#article","isPartOf":{"@id":"https:\/\/gitelesalberts.fr\/index.php\/2022\/01\/30\/souvenirs-de-sarah-et-gaetan\/"},"author":{"name":"lesalberts","@id":"https:\/\/gitelesalberts.fr\/#\/schema\/person\/dc2875b135cac2f8cfee2be04c1e7c83"},"headline":"Souvenirs de Sarah et Gaetan","datePublished":"2022-01-30T16:51:00+00:00","dateModified":"2022-05-09T15:52:57+00:00","mainEntityOfPage":{"@id":"https:\/\/gitelesalberts.fr\/index.php\/2022\/01\/30\/souvenirs-de-sarah-et-gaetan\/"},"wordCount":64,"commentCount":0,"articleSection":["livre d'or"],"inLanguage":"fr-FR","potentialAction":[{"@type":"CommentAction","name":"Comment","target":["https:\/\/gitelesalberts.fr\/index.php\/2022\/01\/30\/souvenirs-de-sarah-et-gaetan\/#respond"]}]},{"@type":"WebPage","@id":"https:\/\/gitelesalberts.fr\/index.php\/2022\/01\/30\/souvenirs-de-sarah-et-gaetan\/","url":"https:\/\/gitelesalberts.fr\/index.php\/2022\/01\/30\/souvenirs-de-sarah-et-gaetan\/","name":"t\u00e9moignages et avis - G\u00eete Les Alberts","isPartOf":{"@id":"https:\/\/gitelesalberts.fr\/#website"},"datePublished":"2022-01-30T16:51:00+00:00","dateModified":"2022-05-09T15:52:57+00:00","author":{"@id":"https:\/\/gitelesalberts.fr\/#\/schema\/person\/dc2875b135cac2f8cfee2be04c1e7c83"},"description":"Nos visiteurs laissent leurs exp\u00e9riences dans notre livre d'or et nous les partageons avec vous. Retrouvez \u00e9galement leurs avis dans la rubrique \"t\u00e9moignages\".","breadcrumb":{"@id":"https:\/\/gitelesalberts.fr\/index.php\/2022\/01\/30\/souvenirs-de-sarah-et-gaetan\/#breadcrumb"},"inLanguage":"fr-FR","potentialAction":[{"@type":"ReadAction","target":["https:\/\/gitelesalberts.fr\/index.php\/2022\/01\/30\/souvenirs-de-sarah-et-gaetan\/"]}]},{"@type":"BreadcrumbList","@id":"https:\/\/gitelesalberts.fr\/index.php\/2022\/01\/30\/souvenirs-de-sarah-et-gaetan\/#breadcrumb","itemListElement":[{"@type":"ListItem","position":1,"name":"Accueil","item":"https:\/\/gitelesalberts.fr\/"},{"@type":"ListItem","position":2,"name":"Souvenirs de Sarah et Gaetan"}]},{"@type":"WebSite","@id":"https:\/\/gitelesalberts.fr\/#website","url":"https:\/\/gitelesalberts.fr\/","name":"G\u00eete Les Alberts","description":"G\u00eete situ\u00e9 dans les Pyr\u00e9n\u00e9es","potentialAction":[{"@type":"SearchAction","target":{"@type":"EntryPoint","urlTemplate":"https:\/\/gitelesalberts.fr\/?s={search_term_string}"},"query-input":{"@type":"PropertyValueSpecification","valueRequired":true,"valueName":"search_term_string"}}],"inLanguage":"fr-FR"},{"@type":"Person","@id":"https:\/\/gitelesalberts.fr\/#\/schema\/person\/dc2875b135cac2f8cfee2be04c1e7c83","name":"lesalberts","image":{"@type":"ImageObject","inLanguage":"fr-FR","@id":"https:\/\/secure.gravatar.com\/avatar\/039b887a09a57764c8e26f518e63843b29233f3f456f02f763fbf1331b58f7e2?s=96&d=mm&r=g","url":"https:\/\/secure.gravatar.com\/avatar\/039b887a09a57764c8e26f518e63843b29233f3f456f02f763fbf1331b58f7e2?s=96&d=mm&r=g","contentUrl":"https:\/\/secure.gravatar.com\/avatar\/039b887a09a57764c8e26f518e63843b29233f3f456f02f763fbf1331b58f7e2?s=96&d=mm&r=g","caption":"lesalberts"},"sameAs":["http:\/\/gitelesalberts.fr"],"url":"https:\/\/gitelesalberts.fr\/index.php\/author\/admin6314\/"}]}},"_links":{"self":[{"href":"https:\/\/gitelesalberts.fr\/index.php\/wp-json\/wp\/v2\/posts\/1351","targetHints":{"allow":["GET"]}}],"collection":[{"href":"https:\/\/gitelesalberts.fr\/index.php\/wp-json\/wp\/v2\/posts"}],"about":[{"href":"https:\/\/gitelesalberts.fr\/index.php\/wp-json\/wp\/v2\/types\/post"}],"author":[{"embeddable":true,"href":"https:\/\/gitelesalberts.fr\/index.php\/wp-json\/wp\/v2\/users\/1"}],"replies":[{"embeddable":true,"href":"https:\/\/gitelesalberts.fr\/index.php\/wp-json\/wp\/v2\/comments?post=1351"}],"version-history":[{"count":2,"href":"https:\/\/gitelesalberts.fr\/index.php\/wp-json\/wp\/v2\/posts\/1351\/revisions"}],"predecessor-version":[{"id":1966,"href":"https:\/\/gitelesalberts.fr\/index.php\/wp-json\/wp\/v2\/posts\/1351\/revisions\/1966"}],"wp:attachment":[{"href":"https:\/\/gitelesalberts.fr\/index.php\/wp-json\/wp\/v2\/media?parent=1351"}],"wp:term":[{"taxonomy":"category","embeddable":true,"href":"https:\/\/gitelesalberts.fr\/index.php\/wp-json\/wp\/v2\/categories?post=1351"},{"taxonomy":"post_tag","embeddable":true,"href":"https:\/\/gitelesalberts.fr\/index.php\/wp-json\/wp\/v2\/tags?post=1351"}],"curies":[{"name":"wp","href":"https:\/\/api.w.org\/{rel}","templated":true}]}}